{"id":346,"date":"2019-11-01T14:59:18","date_gmt":"2019-11-01T14:59:18","guid":{"rendered":"https:\/\/www.oliver-sport.cz\/new\/predstavujeme-posily-oliver-tymu-jaromira-janacka-a-tomase-svejdu\/"},"modified":"2026-02-11T14:55:49","modified_gmt":"2026-02-11T14:55:49","slug":"predstavujeme-posily-oliver-tymu-jaromira-janacka-a-tomase-svejdu","status":"publish","type":"post","link":"https:\/\/www.oliver-sport.cz\/new\/predstavujeme-posily-oliver-tymu-jaromira-janacka-a-tomase-svejdu\/","title":{"rendered":"P\u0159edstavujeme posily OLIVER t\u00fdmu Jarom\u00edra Jan\u00e1\u010dka a Tom\u00e1\u0161e \u0160vejdu !!!"},"content":{"rendered":"<p><span style=\"color: #1c1e21; font-family: Helvetica, Arial, sans-serif; font-size: 14px;\">Jsme velmi r\u00e1di, \u017ee m\u016f\u017eeme v OLIVER t\u00fdmu p\u0159iv\u00edtat nov\u00e9 posily: <strong>JAROM\u00cdRA JAN\u00c1\u010cKA a TOM\u00c1\u0160E \u0160VEJDU<\/strong>. T\u011b\u0161\u00edm se, \u017ee tito dva mlad\u00ed a talentovan\u00ed sportovci budou sou\u010d\u00e1st\u00ed OLIVERu. P\u0159ejeme jim mnoho \u00fasp\u011bch\u016f a budeme dr\u017eet palce.<\/span><\/p>\n<p><img loading=\"lazy\" decoding=\"async\" class=\"alignnone size-medium wp-image-399\" src=\"https:\/\/www.oliver-sport.cz\/wp-content\/uploads\/2025\/08\/cropped-OLIVER_ikona-300x300.png\" alt=\"\" width=\"300\" height=\"300\" srcset=\"https:\/\/www.oliver-sport.cz\/new\/wp-content\/uploads\/2025\/08\/cropped-OLIVER_ikona-300x300.png 300w, https:\/\/www.oliver-sport.cz\/new\/wp-content\/uploads\/2025\/08\/cropped-OLIVER_ikona-150x150.png 150w, https:\/\/www.oliver-sport.cz\/new\/wp-content\/uploads\/2025\/08\/cropped-OLIVER_ikona-370x370.png 370w, https:\/\/www.oliver-sport.cz\/new\/wp-content\/uploads\/2025\/08\/cropped-OLIVER_ikona-120x120.png 120w, https:\/\/www.oliver-sport.cz\/new\/wp-content\/uploads\/2025\/08\/cropped-OLIVER_ikona-270x270.png 270w, https:\/\/www.oliver-sport.cz\/new\/wp-content\/uploads\/2025\/08\/cropped-OLIVER_ikona-192x192.png 192w, https:\/\/www.oliver-sport.cz\/new\/wp-content\/uploads\/2025\/08\/cropped-OLIVER_ikona-180x180.png 180w, https:\/\/www.oliver-sport.cz\/new\/wp-content\/uploads\/2025\/08\/cropped-OLIVER_ikona-32x32.png 32w, https:\/\/www.oliver-sport.cz\/new\/wp-content\/uploads\/2025\/08\/cropped-OLIVER_ikona.png 512w\" sizes=\"auto, (max-width: 300px) 100vw, 300px\" \/><\/p>\n","protected":false},"excerpt":{"rendered":"<p>Jsme velmi r\u00e1di, \u017ee m\u016f\u017eeme v OLIVER t\u00fdmu p\u0159iv\u00edtat nov\u00e9 posily: JAROM\u00cdRA JAN\u00c1\u010cKA a TOM\u00c1\u0160E \u0160VEJDU. T\u011b\u0161\u00edm se, \u017ee tito dva mlad\u00ed a talentovan\u00ed sportovci budou sou\u010d\u00e1st\u00ed OLIVERu. P\u0159ejeme jim mnoho \u00fasp\u011bch\u016f a budeme dr\u017eet palce.<\/p>\n","protected":false},"author":1,"featured_media":775,"comment_status":"open","ping_status":"open","sticky":false,"template":"","format":"standard","meta":{"footnotes":""},"categories":[4],"tags":[],"class_list":["post-346","post","type-post","status-publish","format-standard","has-post-thumbnail","hentry","category-novinky"],"_links":{"self":[{"href":"https:\/\/www.oliver-sport.cz\/new\/wp-json\/wp\/v2\/posts\/346","targetHints":{"allow":["GET"]}}],"collection":[{"href":"https:\/\/www.oliver-sport.cz\/new\/wp-json\/wp\/v2\/posts"}],"about":[{"href":"https:\/\/www.oliver-sport.cz\/new\/wp-json\/wp\/v2\/types\/post"}],"author":[{"embeddable":true,"href":"https:\/\/www.oliver-sport.cz\/new\/wp-json\/wp\/v2\/users\/1"}],"replies":[{"embeddable":true,"href":"https:\/\/www.oliver-sport.cz\/new\/wp-json\/wp\/v2\/comments?post=346"}],"version-history":[{"count":1,"href":"https:\/\/www.oliver-sport.cz\/new\/wp-json\/wp\/v2\/posts\/346\/revisions"}],"predecessor-version":[{"id":499,"href":"https:\/\/www.oliver-sport.cz\/new\/wp-json\/wp\/v2\/posts\/346\/revisions\/499"}],"wp:featuredmedia":[{"embeddable":true,"href":"https:\/\/www.oliver-sport.cz\/new\/wp-json\/wp\/v2\/media\/775"}],"wp:attachment":[{"href":"https:\/\/www.oliver-sport.cz\/new\/wp-json\/wp\/v2\/media?parent=346"}],"wp:term":[{"taxonomy":"category","embeddable":true,"href":"https:\/\/www.oliver-sport.cz\/new\/wp-json\/wp\/v2\/categories?post=346"},{"taxonomy":"post_tag","embeddable":true,"href":"https:\/\/www.oliver-sport.cz\/new\/wp-json\/wp\/v2\/tags?post=346"}],"curies":[{"name":"wp","href":"https:\/\/api.w.org\/{rel}","templated":true}]}}