{"id":316,"date":"2019-02-04T10:30:06","date_gmt":"2019-02-04T10:30:06","guid":{"rendered":"https:\/\/www.oliver-sport.cz\/new\/karel-matousek-a-lubos-walter-na-juniorskem-mistrovstvi-cr\/"},"modified":"2019-02-04T10:30:06","modified_gmt":"2019-02-04T10:30:06","slug":"karel-matousek-a-lubos-walter-na-juniorskem-mistrovstvi-cr","status":"publish","type":"post","link":"https:\/\/www.oliver-sport.cz\/new\/karel-matousek-a-lubos-walter-na-juniorskem-mistrovstvi-cr\/","title":{"rendered":"Karel Matou\u0161ek a Lubo\u0161 Walter na juniorsk\u00e9m Mistrovstv\u00ed \u010cR"},"content":{"rendered":"<p>Na Mistrovstv\u00ed \u010cR junior\u016f v Praze se da\u0159ilo hr\u00e1\u010d\u016fm OLIVER t\u00fdmu.<\/p>\n<p><strong>Karel Matou\u0161ek<\/strong> s raketou <strong>OLIVER Dragon XL\u00a0<\/strong>se v kategorii B15 jako nasazen\u00e1 dvojka probojoval do fin\u00e1le bez ztr\u00e1ty setu. Ve fin\u00e1le se setkal s Faridem Faragem, jeho\u017e zdolal v p\u011bti setov\u00e9 bitv\u011b a stal se tak <strong>Mistrem \u010cR pro rok 2019<\/strong>.<\/p>\n<p><img loading=\"lazy\" decoding=\"async\" src=\"images\/2019_02_03_MRJ_winners_B15.jpg\" alt=\"\" width=\"474\" height=\"316\" \/><\/p>\n<p><strong>Lubo\u0161 Walter<\/strong> s raketou <strong>OLIVER Apex 900\u00a0<\/strong>v kategorii B17 narazil v semifin\u00e1le na nasazenou jednotku turnaje Marka Pan\u00e1\u010dka, se kter\u00fdm prohr\u00e1l 0: 3, v z\u00e1pase o 3.m\u00edsto porazil p\u00e4\u0165setov\u00e9m boji Franti\u0161ka Proch\u00e1zku a z\u00edskal<strong> 3.m\u00edsto.<\/strong><\/p>\n<p><img loading=\"lazy\" decoding=\"async\" src=\"images\/2019_02_03_MRJ_winners_B17.jpg\" alt=\"\" width=\"483\" height=\"322\" \/><\/p>\n<p>Srde\u010dn\u011b gratulujeme !!!<\/p>\n","protected":false},"excerpt":{"rendered":"<p>Na Mistrovstv\u00ed \u010cR junior\u016f v Praze se da\u0159ilo hr\u00e1\u010d\u016fm OLIVER t\u00fdmu. Karel Matou\u0161ek s raketou OLIVER Dragon XL\u00a0se v kategorii B15 jako nasazen\u00e1 dvojka probojoval do fin\u00e1le bez ztr\u00e1ty setu. Ve fin\u00e1le se setkal s Faridem Faragem, jeho\u017e zdolal v p\u011bti setov\u00e9 bitv\u011b a stal se tak Mistrem \u010cR pro rok 2019. Lubo\u0161 Walter s raketou OLIVER Apex 900\u00a0v kategorii&hellip;<\/p>\n","protected":false},"author":1,"featured_media":0,"comment_status":"open","ping_status":"open","sticky":false,"template":"","format":"standard","meta":{"footnotes":""},"categories":[4],"tags":[],"class_list":["post-316","post","type-post","status-publish","format-standard","hentry","category-novinky"],"_links":{"self":[{"href":"https:\/\/www.oliver-sport.cz\/new\/wp-json\/wp\/v2\/posts\/316","targetHints":{"allow":["GET"]}}],"collection":[{"href":"https:\/\/www.oliver-sport.cz\/new\/wp-json\/wp\/v2\/posts"}],"about":[{"href":"https:\/\/www.oliver-sport.cz\/new\/wp-json\/wp\/v2\/types\/post"}],"author":[{"embeddable":true,"href":"https:\/\/www.oliver-sport.cz\/new\/wp-json\/wp\/v2\/users\/1"}],"replies":[{"embeddable":true,"href":"https:\/\/www.oliver-sport.cz\/new\/wp-json\/wp\/v2\/comments?post=316"}],"version-history":[{"count":0,"href":"https:\/\/www.oliver-sport.cz\/new\/wp-json\/wp\/v2\/posts\/316\/revisions"}],"wp:attachment":[{"href":"https:\/\/www.oliver-sport.cz\/new\/wp-json\/wp\/v2\/media?parent=316"}],"wp:term":[{"taxonomy":"category","embeddable":true,"href":"https:\/\/www.oliver-sport.cz\/new\/wp-json\/wp\/v2\/categories?post=316"},{"taxonomy":"post_tag","embeddable":true,"href":"https:\/\/www.oliver-sport.cz\/new\/wp-json\/wp\/v2\/tags?post=316"}],"curies":[{"name":"wp","href":"https:\/\/api.w.org\/{rel}","templated":true}]}}