{"id":296,"date":"2018-03-26T08:24:02","date_gmt":"2018-03-26T08:24:02","guid":{"rendered":"https:\/\/www.oliver-sport.cz\/new\/anna-legatova-a-martin-kural-na-gp-b-pohar-akademie-most\/"},"modified":"2018-03-26T08:24:02","modified_gmt":"2018-03-26T08:24:02","slug":"anna-legatova-a-martin-kural-na-gp-b-pohar-akademie-most","status":"publish","type":"post","link":"https:\/\/www.oliver-sport.cz\/new\/anna-legatova-a-martin-kural-na-gp-b-pohar-akademie-most\/","title":{"rendered":"Anna Leg\u00e1tov\u00e1 a Martin Kural na GP B Poh\u00e1r akademie Most"},"content":{"rendered":"<p>Uplynul\u00fd v\u00edkend se uskute\u010dnil turnaj GP B Poh\u00e1r akademie Most, na kter\u00e9m se hodne da\u0159ilo Anne Leg\u00e1tov\u00e9 a Martinovi Kuralovi.<br \/> <strong>Anna Leg\u00e1tov\u00e1<\/strong> s raketou <strong>OLIVER EXTREME 75<\/strong> postoupila do semifin\u00e1le ve dvouh\u0159e, kde prohr\u00e1la s Kate\u0159inou Mikelovou. 19: 21,14: 21 a obsadila celkov\u00e9 <strong>3. m\u00edsto.<\/strong><br \/> Podobn\u011b \u00fasp\u011b\u0161n\u00fdturnaj odehr\u00e1l i <strong>Martin Kural<\/strong> s raketou <strong>OLIVER PLASMA TX3<\/strong>, kter\u00fd se tak\u00e9 probojoval do semifin\u00e1le dvouhry mu\u017e\u016f, kde nesta\u010dil na Ond\u0159eje Klime\u0161e po setech 16: 21,11: 21. I Martin obsadil kone\u010dn\u00e9<strong> 3.m\u00edsto<\/strong>.<\/p>\n<p>Gratulujeme !!!<\/p>\n<p><img loading=\"lazy\" decoding=\"async\" src=\"images\/IMG_20180325_114714_BURST8998.jpg\" alt=\"\" width=\"295\" height=\"413\" \/><img loading=\"lazy\" decoding=\"async\" src=\"images\/IMG_0684.jpg\" alt=\"\" width=\"309\" height=\"412\" \/><\/p>\n","protected":false},"excerpt":{"rendered":"<p>Uplynul\u00fd v\u00edkend se uskute\u010dnil turnaj GP B Poh\u00e1r akademie Most, na kter\u00e9m se hodne da\u0159ilo Anne Leg\u00e1tov\u00e9 a Martinovi Kuralovi. Anna Leg\u00e1tov\u00e1 s raketou OLIVER EXTREME 75 postoupila do semifin\u00e1le ve dvouh\u0159e, kde prohr\u00e1la s Kate\u0159inou Mikelovou. 19: 21,14: 21 a obsadila celkov\u00e9 3. m\u00edsto. Podobn\u011b \u00fasp\u011b\u0161n\u00fdturnaj odehr\u00e1l i Martin Kural s raketou OLIVER PLASMA TX3, kter\u00fd se tak\u00e9 probojoval&hellip;<\/p>\n","protected":false},"author":1,"featured_media":0,"comment_status":"open","ping_status":"open","sticky":false,"template":"","format":"standard","meta":{"footnotes":""},"categories":[4],"tags":[],"class_list":["post-296","post","type-post","status-publish","format-standard","hentry","category-novinky"],"_links":{"self":[{"href":"https:\/\/www.oliver-sport.cz\/new\/wp-json\/wp\/v2\/posts\/296","targetHints":{"allow":["GET"]}}],"collection":[{"href":"https:\/\/www.oliver-sport.cz\/new\/wp-json\/wp\/v2\/posts"}],"about":[{"href":"https:\/\/www.oliver-sport.cz\/new\/wp-json\/wp\/v2\/types\/post"}],"author":[{"embeddable":true,"href":"https:\/\/www.oliver-sport.cz\/new\/wp-json\/wp\/v2\/users\/1"}],"replies":[{"embeddable":true,"href":"https:\/\/www.oliver-sport.cz\/new\/wp-json\/wp\/v2\/comments?post=296"}],"version-history":[{"count":0,"href":"https:\/\/www.oliver-sport.cz\/new\/wp-json\/wp\/v2\/posts\/296\/revisions"}],"wp:attachment":[{"href":"https:\/\/www.oliver-sport.cz\/new\/wp-json\/wp\/v2\/media?parent=296"}],"wp:term":[{"taxonomy":"category","embeddable":true,"href":"https:\/\/www.oliver-sport.cz\/new\/wp-json\/wp\/v2\/categories?post=296"},{"taxonomy":"post_tag","embeddable":true,"href":"https:\/\/www.oliver-sport.cz\/new\/wp-json\/wp\/v2\/tags?post=296"}],"curies":[{"name":"wp","href":"https:\/\/api.w.org\/{rel}","templated":true}]}}