{"id":283,"date":"2017-11-27T10:06:20","date_gmt":"2017-11-27T10:06:20","guid":{"rendered":"https:\/\/www.oliver-sport.cz\/new\/ze-sveta-nova-posila-oliver-tymu-z-francie\/"},"modified":"2017-11-27T10:06:20","modified_gmt":"2017-11-27T10:06:20","slug":"ze-sveta-nova-posila-oliver-tymu-z-francie","status":"publish","type":"post","link":"https:\/\/www.oliver-sport.cz\/new\/ze-sveta-nova-posila-oliver-tymu-z-francie\/","title":{"rendered":"Ze sv\u011bta: Nov\u00e1 posila OLIVER t\u00fdmu z Francie"},"content":{"rendered":"<p><span style=\"color: #000000; font-family: Calibri; font-size: medium;\"><strong>OLIVER<\/strong> v\u00edta do t\u00fdmu novou posilu, francouzsk\u00e9ho hr\u00e1\u010de <strong>Lucase Serma<\/strong>, nyn\u00ed 45 hr\u00e1\u010de sv\u011bta.<\/span><\/p>\n<p><span style=\"color: #000000; font-family: Calibri; font-size: medium;\">Lucas byl juniorsk\u00fdm mistrem Evropy v roce 2010, mistrem Evropy t\u00fdm\u016f v roce 2017 a je \u010dlenem t\u00fdmu pro nadch\u00e1zej\u00edc\u00ed Sv\u011btov\u00fd \u0161ampion\u00e1t v Marseille.<\/span><\/p>\n<p><span style=\"color: #000000; font-family: Calibri; font-size: medium;\">P\u0159idal se tak k man\u017eelce <strong>Anne Serme<\/strong> a ve spolupr\u00e1ci s OLIVERem se bude sna\u017eit o dosa\u017een\u00ed sv\u00fdch vytou\u017een\u00fdch c\u00edl\u016f.<\/span><\/p>\n<p><span style=\"color: #000000; font-family: Times New Roman; font-size: medium;\"> <img loading=\"lazy\" decoding=\"async\" src=\"images\/23795499_1554250811348930_7756849409096172219_n.jpg\" alt=\"\" width=\"303\" height=\"303\" \/><img loading=\"lazy\" decoding=\"async\" src=\"images\/23843276_1554249911349020_1523192267085561862_n.jpg\" alt=\"\" width=\"403\" height=\"303\" \/><\/span><\/p>\n","protected":false},"excerpt":{"rendered":"<p>OLIVER v\u00edta do t\u00fdmu novou posilu, francouzsk\u00e9ho hr\u00e1\u010de Lucase Serma, nyn\u00ed 45 hr\u00e1\u010de sv\u011bta. Lucas byl juniorsk\u00fdm mistrem Evropy v roce 2010, mistrem Evropy t\u00fdm\u016f v roce 2017 a je \u010dlenem t\u00fdmu pro nadch\u00e1zej\u00edc\u00ed Sv\u011btov\u00fd \u0161ampion\u00e1t v Marseille. P\u0159idal se tak k man\u017eelce Anne Serme a ve spolupr\u00e1ci s OLIVERem se bude sna\u017eit o dosa\u017een\u00ed sv\u00fdch vytou\u017een\u00fdch c\u00edl\u016f.<\/p>\n","protected":false},"author":1,"featured_media":0,"comment_status":"open","ping_status":"open","sticky":false,"template":"","format":"standard","meta":{"footnotes":""},"categories":[4],"tags":[],"class_list":["post-283","post","type-post","status-publish","format-standard","hentry","category-novinky"],"_links":{"self":[{"href":"https:\/\/www.oliver-sport.cz\/new\/wp-json\/wp\/v2\/posts\/283","targetHints":{"allow":["GET"]}}],"collection":[{"href":"https:\/\/www.oliver-sport.cz\/new\/wp-json\/wp\/v2\/posts"}],"about":[{"href":"https:\/\/www.oliver-sport.cz\/new\/wp-json\/wp\/v2\/types\/post"}],"author":[{"embeddable":true,"href":"https:\/\/www.oliver-sport.cz\/new\/wp-json\/wp\/v2\/users\/1"}],"replies":[{"embeddable":true,"href":"https:\/\/www.oliver-sport.cz\/new\/wp-json\/wp\/v2\/comments?post=283"}],"version-history":[{"count":0,"href":"https:\/\/www.oliver-sport.cz\/new\/wp-json\/wp\/v2\/posts\/283\/revisions"}],"wp:attachment":[{"href":"https:\/\/www.oliver-sport.cz\/new\/wp-json\/wp\/v2\/media?parent=283"}],"wp:term":[{"taxonomy":"category","embeddable":true,"href":"https:\/\/www.oliver-sport.cz\/new\/wp-json\/wp\/v2\/categories?post=283"},{"taxonomy":"post_tag","embeddable":true,"href":"https:\/\/www.oliver-sport.cz\/new\/wp-json\/wp\/v2\/tags?post=283"}],"curies":[{"name":"wp","href":"https:\/\/api.w.org\/{rel}","templated":true}]}}